{"id":4008,"date":"2016-05-12T10:30:45","date_gmt":"2016-05-12T10:30:45","guid":{"rendered":"http:\/\/emser.es\/?p=3977"},"modified":"2019-10-01T08:49:30","modified_gmt":"2019-10-01T08:49:30","slug":"rendimiento-de-activos-propiedad-industrial-de-datos-e-interoperabilidad-estaran-entre-los-temas-clave","status":"publish","type":"post","link":"https:\/\/emser.es\/en\/rendimiento-de-activos-propiedad-industrial-de-datos-e-interoperabilidad-estaran-entre-los-temas-clave\/","title":{"rendered":"Rendimiento de activos, propiedad industrial de datos e interoperabilidad estar\u00e1n entre los temas clave"},"content":{"rendered":"<\/div><\/div><\/div><!-- close content main div --><\/div><\/div><div id='av_section_1' class='avia-section main_color avia-section-default avia-no-shadow avia-full-stretch av-parallax-section av-section-color-overlay-active avia-bg-style-parallax   av-minimum-height av-minimum-height-50 container_wrap fullsize'  data-section-bg-repeat='stretch' ><div class='av-parallax' data-avia-parallax-ratio='0.3' ><div class='av-parallax-inner main_color  avia-full-stretch' style = 'background-repeat: no-repeat; background-image: url(https:\/\/emser.es\/wp-content\/uploads\/2016\/10\/testbeds1.jpg); background-attachment: scroll; background-position: center center; ' ><\/div><\/div><div class='av-section-color-overlay-wrap'><div class='av-section-color-overlay' style='opacity: 0.5; background-color: #000000; '><\/div><a href='#next-section' title='' class='scroll-down-link' aria-hidden='true' data-av_icon='\ue877' data-av_iconfont='entypo-fontello'><\/a><div class='container' ><div class='template-page content  av-content-full alpha units'><div class='post-entry post-entry-type-page post-entry-4008'><div class='entry-content-wrapper clearfix'>\n<div class=\"flex_column av_one_full  av-animated-generic bottom-to-top  flex_column_div av-zero-column-padding first\" style='border-radius:0px; '><p><div style='padding-bottom:0px;color:#ffffff;font-size:40px;' class='av-special-heading av-special-heading-h2 custom-color-heading blockquote modern-quote modern-centered  av-inherit-size'><h2 class='av-special-heading-tag'  itemprop=\"headline\"  >Rendimiento de activos, propiedad industrial de datos e interoperabilidad estar\u00e1n entre los temas clave<\/h2><div class='special-heading-border'><div class='special-heading-inner-border' style='border-color:#ffffff'><\/div><\/div><\/div><br \/>\n<div style=' margin-top:0px; margin-bottom:0px;'  class='hr hr-custom hr-center hr-icon-no'><span class='hr-inner   inner-border-av-border-fat' style=' width:50px; border-color:#6786a1;' ><span class='hr-inner-style'><\/span><\/span><\/div><\/p><\/div>\n\n<\/div><\/div><\/div><!-- close content main div --><\/div><\/div><\/div><div id='av-layout-grid-1' class='av-layout-grid-container entry-content-wrapper main_color av-flex-cells    container_wrap fullsize'   >\n<div class=\"flex_cell no_margin av_one_full   avia-full-contain\" style='height:50px; min-height:50px;vertical-align:middle; padding:60px; '><div class='flex_cell_inner' ><p><div style='padding-bottom:20px;font-size:50px;' class='av-special-heading av-special-heading-h1 custom-color-heading blockquote modern-quote modern-centered  av-thin-font av-inherit-size'><h1 class='av-special-heading-tag'  itemprop=\"headline\"  ><\/p>\n<p><center><strong>IoT Solutions World Congress anuncia la estructura y contenido de su programa de conferencias de 2016<\/strong><\/center><\/h1><div class='special-heading-border'><div class='special-heading-inner-border' ><\/div><\/div><\/div><br \/>\n<div class=\"flex_column av_one_full  av-animated-generic bottom-to-top  flex_column_div av-zero-column-padding first\" style='border-radius:0px; '><p><section class=\"av_textblock_section\"  itemscope=\"itemscope\" itemtype=\"https:\/\/schema.org\/BlogPosting\" itemprop=\"blogPost\" ><div class='avia_textblock'  style='font-size:14px; '  itemprop=\"text\" ><p>Fira de Barcelona ha revelado los principales temas de la pr\u00f3xima edici\u00f3n del Internet of Things Solutions World Congress (IOTSWC), el evento l\u00edder en IoT industrial. Durante tres d\u00eda, el programa se estructurar\u00e1 en seis mercados verticales clave: Manufacturing, Transportation &amp; Logisitics, Healthcare, and Energy &amp; Utilities as well as Innovation &amp; Technology and Business Transformation. Celebrado en octubre en el recinto Gran Via de Fira de Barcelona, el evento ofrece la posibilidad de conectar r\u00e1pidamente tecnolog\u00eda, soluciones y aplicaciones en un entorno industrial.<\/p>\n<p>Organizado por Fira de Barcelona en colaboraci\u00f3n con el Industrial Internet Consortium (IIC), el sal\u00f3n y conferencia abordar\u00e1 algunos de los retos a los que se enfrentan hoy las empresas al valorar los beneficios de la adopci\u00f3n de las tecnolog\u00edas IoT industriales y comienzan a poner en pr\u00e1ctica su adaptaci\u00f3n al internet industrial. Temas como el rendimiento de activos, mantenimiento predictivo, propiedad industrial de los datos e interoperabilidad ser\u00e1n clave para aquellas empresas que est\u00e1n dise\u00f1ando el paso desde sistemas anticuados y ser\u00e1n protagonistas durante los tres d\u00edas de congreso.<\/p>\n<p>Algunos otros de los temas analizados son Veh\u00edculos aut\u00f3nomos y conectados, movilidad inteligente y Uso y gesti\u00f3n de aviones no tripulados y Transporte colectivo (Transportation); Monitorizaci\u00f3n remoto, Sanidad m\u00f3vil e interoperabilidad de los dispositivos de Salud (Healthcare); Eficiencia energ\u00e9tica, energ\u00edas renovables y Seguridad y generaci\u00f3n distribuida (Energy &amp; Utilities); Est\u00e1ndares y Metodolog\u00edas, Edge Computing, Plataformas inteligentes, sistemas y arquitecturas (Innovation &amp; Technology); y la transformaci\u00f3n de negocios, Convergencia TIC\/IoT, Nuevas fuentes de ingresos, y Finanzas y Financiaci\u00f3n (Business transformation).<\/p>\n<h5>Program Committee<\/h5>\n<p>Los contenidos del congreso han sido seleccionados por un comit\u00e9 de programa formado por miembros destacados de la industria y expertos en tecnolog\u00eda provenientes de empresas e instituciones de todo el mundo. Entre estos miembros figuran son Douglas Bellin, Senior Manager en Cisco; Mark Crawford, Open Standards Strategist en SAP; Christine Englund, director de marketing en GE; Steve Hanna, Senior Principal en Infineon; Eric Harper, Lead Software Architect en ABB; Helena Lisachuk, Director-High Tech Competence Center de Deloitte; Edy Liongosari, Global Managing Director Technology Labs en Accenture; Tony Milne, director de desarrollo de negocio en Advantech; Geoff Mulligan, Director ejecutivo de IPSO Alliance; Tim Scannell, director de Contenidos estrat\u00e9gicos en CIO Executive Council; Arthur Silva, Vicepresidente de Marketing Strategy &#8211; Industrial Segments &amp; IoTde Schneider Electric; Will Sobel, Chief Strategy Officer en Vimana; Said Tabet, Senior Technology Strategist en EMC; Theresa Woodiel, Global Campaign Manager en National Instruments; Ron Zahavi, Director de estrategia de IoT Standards en Microsoft; Bill Hoffman, presidente de OMG, Richard Soley, director ejecutivo del IIC; y Terry Wiese, Directora de programa del IIC.<\/p>\n<p>En su primera edici\u00f3n, IOTSWC cont\u00f3 con 120 expertos superiores, 88 empresas expositoras y 4.500 visitantes de 53 pa\u00edses, cifras que la organizaci\u00f3n espera superar en su pr\u00f3xima edici\u00f3n.<\/p>\n<p>Barcelona, 12 de mayo de 2016<\/p>\n<p>Folc Lecha<\/p>\n<p>93 233 3555<\/p>\n<p>flecha@firabarcelona.com<\/p>\n<\/div><\/section><br \/>\n<div style=' margin-top:5px; margin-bottom:5px;'  class='hr hr-custom hr-center hr-icon-no'><span class='hr-inner   inner-border-av-border-fat' style=' width:50px; border-color:#6786a1;' ><span class='hr-inner-style'><\/span><\/span><\/div><\/p><\/div><\/p>\n<\/div><\/div>\n<\/div>\n<\/div><\/div><\/div><!-- close content main div --><\/div><\/div><div id='av-layout-grid-2' class='av-layout-grid-container entry-content-wrapper main_color av-flex-cells    container_wrap fullsize'   >\n<div class=\"flex_cell no_margin av_one_half\" style='height:50px; min-height:50px;'><div class='flex_cell_inner' ><div class='av-social-sharing-box  av-social-sharing-box-minimal'><div class='av-share-box'><h5 class='av-share-link-description'>Comparte esta noticia<\/h5><ul class='av-share-box-list noLightbox'><li class='av-share-link av-social-link-facebook' ><a target='_blank' href='http:\/\/www.facebook.com\/sharer.php?u=https:\/\/emser.es\/en\/rendimiento-de-activos-propiedad-industrial-de-datos-e-interoperabilidad-estaran-entre-los-temas-clave\/&amp;t=Rendimiento%20de%20activos%2C%20propiedad%20industrial%20de%20datos%20e%20interoperabilidad%20estar%C3%A1n%20entre%20los%20temas%20clave' aria-hidden='true' data-av_icon='\ue8f3' data-av_iconfont='entypo-fontello' title='' data-avia-related-tooltip='Share on Facebook'><span class='avia_hidden_link_text'>Share on Facebook<\/span><\/a><\/li><li class='av-share-link av-social-link-twitter' ><a target='_blank' href='https:\/\/twitter.com\/share?text=Rendimiento%20de%20activos%2C%20propiedad%20industrial%20de%20datos%20e%20interoperabilidad%20estar%C3%A1n%20entre%20los%20temas%20clave&url=https:\/\/emser.es\/en\/?p=4008' aria-hidden='true' data-av_icon='\ue8f1' data-av_iconfont='entypo-fontello' title='' data-avia-related-tooltip='Share on Twitter'><span class='avia_hidden_link_text'>Share on Twitter<\/span><\/a><\/li><li class='av-share-link av-social-link-gplus' ><a target='_blank' href='https:\/\/plus.google.com\/share?url=https:\/\/emser.es\/en\/rendimiento-de-activos-propiedad-industrial-de-datos-e-interoperabilidad-estaran-entre-los-temas-clave\/' aria-hidden='true' data-av_icon='\ue8f6' data-av_iconfont='entypo-fontello' title='' data-avia-related-tooltip='Share on Google+'><span class='avia_hidden_link_text'>Share on Google+<\/span><\/a><\/li><li class='av-share-link av-social-link-linkedin' ><a target='_blank' href='http:\/\/linkedin.com\/shareArticle?mini=true&amp;title=Rendimiento%20de%20activos%2C%20propiedad%20industrial%20de%20datos%20e%20interoperabilidad%20estar%C3%A1n%20entre%20los%20temas%20clave&amp;url=https:\/\/emser.es\/en\/rendimiento-de-activos-propiedad-industrial-de-datos-e-interoperabilidad-estaran-entre-los-temas-clave\/' aria-hidden='true' data-av_icon='\ue8fc' data-av_iconfont='entypo-fontello' title='' data-avia-related-tooltip='Share on Linkedin'><span class='avia_hidden_link_text'>Share on Linkedin<\/span><\/a><\/li><li class='av-share-link av-social-link-mail' ><a  href='mailto:?subject=Rendimiento%20de%20activos%2C%20propiedad%20industrial%20de%20datos%20e%20interoperabilidad%20estar%C3%A1n%20entre%20los%20temas%20clave&amp;body=https:\/\/emser.es\/en\/rendimiento-de-activos-propiedad-industrial-de-datos-e-interoperabilidad-estaran-entre-los-temas-clave\/' aria-hidden='true' data-av_icon='\ue805' data-av_iconfont='entypo-fontello' title='' data-avia-related-tooltip='Share by Mail'><span class='avia_hidden_link_text'>Share by Mail<\/span><\/a><\/li><\/ul><\/div><\/div>\n<\/div><\/div><div class=\"flex_cell no_margin av_one_half\" style='height:50px; min-height:50px;'><div class='flex_cell_inner' ><\/div><\/div>\n<\/div>\n<\/div><\/div><\/div><!-- close content main div --><\/div><\/div><div id='av-layout-grid-3' class='av-layout-grid-container entry-content-wrapper main_color av-flex-cells    container_wrap fullsize'   >\n<div class=\"flex_cell no_margin av_one_full   avia-full-contain\" style='height:50px; min-height:50px;vertical-align:middle; padding:10px; '><div class='flex_cell_inner' ><div style=' margin-top:5px; margin-bottom:35px;'  class='hr hr-custom hr-center hr-icon-no'><span class='hr-inner   inner-border-av-border-fat' style=' width:50px; border-color:#ffffff;' ><span class='hr-inner-style'><\/span><\/span><\/div>\n<\/div><\/div>\n<\/div>","protected":false},"excerpt":{"rendered":"","protected":false},"author":1,"featured_media":3971,"comment_status":"open","ping_status":"open","sticky":false,"template":"","format":"standard","meta":[],"categories":[],"tags":[159,144,173,170,171,172],"_links":{"self":[{"href":"https:\/\/emser.es\/en\/wp-json\/wp\/v2\/posts\/4008"}],"collection":[{"href":"https:\/\/emser.es\/en\/wp-json\/wp\/v2\/posts"}],"about":[{"href":"https:\/\/emser.es\/en\/wp-json\/wp\/v2\/types\/post"}],"author":[{"embeddable":true,"href":"https:\/\/emser.es\/en\/wp-json\/wp\/v2\/users\/1"}],"replies":[{"embeddable":true,"href":"https:\/\/emser.es\/en\/wp-json\/wp\/v2\/comments?post=4008"}],"version-history":[{"count":5,"href":"https:\/\/emser.es\/en\/wp-json\/wp\/v2\/posts\/4008\/revisions"}],"predecessor-version":[{"id":5319,"href":"https:\/\/emser.es\/en\/wp-json\/wp\/v2\/posts\/4008\/revisions\/5319"}],"wp:featuredmedia":[{"embeddable":true,"href":"https:\/\/emser.es\/en\/wp-json\/wp\/v2\/media\/3971"}],"wp:attachment":[{"href":"https:\/\/emser.es\/en\/wp-json\/wp\/v2\/media?parent=4008"}],"wp:term":[{"taxonomy":"category","embeddable":true,"href":"https:\/\/emser.es\/en\/wp-json\/wp\/v2\/categories?post=4008"},{"taxonomy":"post_tag","embeddable":true,"href":"https:\/\/emser.es\/en\/wp-json\/wp\/v2\/tags?post=4008"}],"curies":[{"name":"wp","href":"https:\/\/api.w.org\/{rel}","templated":true}]}}